{"id":478,"date":"2025-11-12T14:14:15","date_gmt":"2025-11-12T12:14:15","guid":{"rendered":"https:\/\/loramaricevic.com\/?p=478"},"modified":"2025-11-12T14:32:04","modified_gmt":"2025-11-12T12:32:04","slug":"za-pocetak-tisina","status":"publish","type":"post","link":"https:\/\/loramaricevic.com\/?p=478","title":{"rendered":"Za po\u010detak&#8230; Ti\u0161ina"},"content":{"rendered":"\n<p>Ti\u0161ina<\/p>\n\n\n\n<p>Udahni. Izdahni. Tu si. Sve je ok. Ne \u017euri. Danas ne \u017euri.<\/p>\n\n\n\n<p>\u0160to ti govori tvoj unutarnji glas? Onaj \u0161to \u0161u\u0161ka izme\u0111u tvog udaha i neizgovorenih rije\u010di.<\/p>\n\n\n\n<p>Ne mora\u0161 i\u0107i daleko da bi prona\u0161ao mir, ponekad mora\u0161 zastati i pustiti da se svijet na trenutak uti\u0161a i da \u010duje\u0161 sebe jer taj glas je najti\u0161i, ali i najva\u017eniji.<\/p>\n\n\n\n<p>Ti\u0161ina nije prazna jer u njoj si ti. Ona je prostor u kojemu se tvoj glas javlja i dobiva smisao. Ponekad u obliku nemira, ponekad u obliku mira, ali uvijek iskreno. Ponekad nas podsje\u0107a na ono \u0161to jesmo, \u0161to znamo i \u0161to smo negdje usput zaboravili.<\/p>\n\n\n\n<p>Ti\u0161ina je mjesto gdje zakoni logike prestaju vrijediti, a granice su rastezljive. Nema pravila, samo oslu\u0161kuje\u0161 ritam iznutra. Ple\u0161e\u0161 svoj ples onako kako ti odgovora.<\/p>\n\n\n\n<p>Dok tako leti\u0161 u tihom prostoru sve ti je dopu\u0161teno. Smije\u0161 preispitivati, plakati, pitati, zahtijevati, ludjeti, voljeti u ti\u0161ini. U toj ti\u0161ini se ne mora\u0161 truditi da zaslu\u017ei\u0161, ne mora\u0161 udovoljavati da vrijedi\u0161 vi\u0161e, ne mora\u0161 biti jak dok se iznutra raspada\u0161.<\/p>\n\n\n\n<p>Ta i dalje malo cjenjena ti\u0161ina je mjesto prisutnosti i mjesto gdje slije\u0107e tvoj glas.\u00a0 I dok mu posve\u0107uje\u0161 dovoljno pa\u017enje , sletiti \u0107e\u0161 na mjesto gdje treba\u0161 kad-tad.<\/p>\n\n\n\n<p>L.M.<\/p>\n","protected":false},"excerpt":{"rendered":"<p>Ti\u0161ina Udahni. Izdahni. Tu si. Sve je ok. Ne \u017euri. Danas ne \u017euri. \u0160to ti govori tvoj unutarnji glas? Onaj \u0161to \u0161u\u0161ka izme\u0111u tvog udaha i neizgovorenih rije\u010di. Ne mora\u0161 i\u0107i daleko da bi prona\u0161ao mir, ponekad mora\u0161 zastati i pustiti da se svijet na trenutak uti\u0161a i da \u010duje\u0161 sebe jer taj glas je&hellip;&nbsp;<a href=\"https:\/\/loramaricevic.com\/?p=478\" rel=\"bookmark\"><span class=\"screen-reader-text\">Za po\u010detak&#8230; Ti\u0161ina<\/span><\/a><\/p>\n","protected":false},"author":1,"featured_media":481,"comment_status":"closed","ping_status":"closed","sticky":false,"template":"","format":"standard","meta":{"neve_meta_sidebar":"","neve_meta_container":"","neve_meta_enable_content_width":"","neve_meta_content_width":0,"neve_meta_title_alignment":"","neve_meta_author_avatar":"","neve_post_elements_order":"","neve_meta_disable_header":"","neve_meta_disable_footer":"","neve_meta_disable_title":"","_themeisle_gutenberg_block_has_review":false,"footnotes":""},"categories":[1],"tags":[],"aioseo_notices":[],"_links":{"self":[{"href":"https:\/\/loramaricevic.com\/index.php?rest_route=\/wp\/v2\/posts\/478"}],"collection":[{"href":"https:\/\/loramaricevic.com\/index.php?rest_route=\/wp\/v2\/posts"}],"about":[{"href":"https:\/\/loramaricevic.com\/index.php?rest_route=\/wp\/v2\/types\/post"}],"author":[{"embeddable":true,"href":"https:\/\/loramaricevic.com\/index.php?rest_route=\/wp\/v2\/users\/1"}],"replies":[{"embeddable":true,"href":"https:\/\/loramaricevic.com\/index.php?rest_route=%2Fwp%2Fv2%2Fcomments&post=478"}],"version-history":[{"count":3,"href":"https:\/\/loramaricevic.com\/index.php?rest_route=\/wp\/v2\/posts\/478\/revisions"}],"predecessor-version":[{"id":483,"href":"https:\/\/loramaricevic.com\/index.php?rest_route=\/wp\/v2\/posts\/478\/revisions\/483"}],"wp:featuredmedia":[{"embeddable":true,"href":"https:\/\/loramaricevic.com\/index.php?rest_route=\/wp\/v2\/media\/481"}],"wp:attachment":[{"href":"https:\/\/loramaricevic.com\/index.php?rest_route=%2Fwp%2Fv2%2Fmedia&parent=478"}],"wp:term":[{"taxonomy":"category","embeddable":true,"href":"https:\/\/loramaricevic.com\/index.php?rest_route=%2Fwp%2Fv2%2Fcategories&post=478"},{"taxonomy":"post_tag","embeddable":true,"href":"https:\/\/loramaricevic.com\/index.php?rest_route=%2Fwp%2Fv2%2Ftags&post=478"}],"curies":[{"name":"wp","href":"https:\/\/api.w.org\/{rel}","templated":true}]}}